{"id":1463,"date":"2022-10-14T06:48:38","date_gmt":"2022-10-14T06:48:38","guid":{"rendered":"https:\/\/jesed.cat\/?p=1463"},"modified":"2022-10-14T06:54:25","modified_gmt":"2022-10-14T06:54:25","slug":"donacion-a-otras-entidades","status":"publish","type":"post","link":"https:\/\/jesed.cat\/index.php\/2022\/10\/14\/donacion-a-otras-entidades\/","title":{"rendered":"Donaci\u00f3n a otras entidades"},"content":{"rendered":"<div class=\"wpb-content-wrapper\"><p>[vc_row][vc_column][vc_column_text]Todos los meses Jesed dona fruta y verdura al comedor social FABRI-K, en esta ocasi\u00f3n tambi\u00e9n ha sido a la residencia infantil Emmanuel con pa\u00f1ales grandes para ni\u00f1os y otros productos.<\/p>\n<p>Joan Haro a la derecha responsable del comedor social la FABRI-K en sabadell junto con un colaborador, a la izquierda Oscar quien promociona a la residencia infantil Emmanuel en Barcelona.<\/p>\n<p>Personas que viven y trabajan para las necesidades de los demas.[\/vc_column_text][vc_media_grid grid_id=\u00bbvc_gid:1665729978810-ac7fe001-042f-8&#8243; include=\u00bb1464,1465&#8243;][\/vc_column][\/vc_row]<\/p>\n<\/div>","protected":false},"excerpt":{"rendered":"<p>[vc_row][vc_column][vc_column_text]Todos los meses Jesed dona fruta y verdura al comedor social FABRI-K, en esta ocasi\u00f3n tambi\u00e9n ha sido a la residencia infantil Emmanuel con pa\u00f1ales grandes para ni\u00f1os y otros productos. Joan Haro a la derecha responsable del comedor social la FABRI-K en sabadell junto con un colaborador, a la izquierda Oscar quien promociona a&hellip;<\/p>\n","protected":false},"author":1,"featured_media":1470,"comment_status":"open","ping_status":"open","sticky":false,"template":"","format":"standard","meta":{"give_campaign_id":0,"footnotes":""},"categories":[3],"tags":[],"class_list":["post-1463","post","type-post","status-publish","format-standard","has-post-thumbnail","hentry","category-noticias","category-3","description-off"],"_links":{"self":[{"href":"https:\/\/jesed.cat\/index.php\/wp-json\/wp\/v2\/posts\/1463","targetHints":{"allow":["GET"]}}],"collection":[{"href":"https:\/\/jesed.cat\/index.php\/wp-json\/wp\/v2\/posts"}],"about":[{"href":"https:\/\/jesed.cat\/index.php\/wp-json\/wp\/v2\/types\/post"}],"author":[{"embeddable":true,"href":"https:\/\/jesed.cat\/index.php\/wp-json\/wp\/v2\/users\/1"}],"replies":[{"embeddable":true,"href":"https:\/\/jesed.cat\/index.php\/wp-json\/wp\/v2\/comments?post=1463"}],"version-history":[{"count":1,"href":"https:\/\/jesed.cat\/index.php\/wp-json\/wp\/v2\/posts\/1463\/revisions"}],"predecessor-version":[{"id":1467,"href":"https:\/\/jesed.cat\/index.php\/wp-json\/wp\/v2\/posts\/1463\/revisions\/1467"}],"wp:featuredmedia":[{"embeddable":true,"href":"https:\/\/jesed.cat\/index.php\/wp-json\/wp\/v2\/media\/1470"}],"wp:attachment":[{"href":"https:\/\/jesed.cat\/index.php\/wp-json\/wp\/v2\/media?parent=1463"}],"wp:term":[{"taxonomy":"category","embeddable":true,"href":"https:\/\/jesed.cat\/index.php\/wp-json\/wp\/v2\/categories?post=1463"},{"taxonomy":"post_tag","embeddable":true,"href":"https:\/\/jesed.cat\/index.php\/wp-json\/wp\/v2\/tags?post=1463"}],"curies":[{"name":"wp","href":"https:\/\/api.w.org\/{rel}","templated":true}]}}